{"id":936,"date":"2019-04-10T11:18:13","date_gmt":"2019-04-10T09:18:13","guid":{"rendered":"http:\/\/www.terratair.com\/Blog\/?p=936"},"modified":"2020-11-27T21:59:00","modified_gmt":"2020-11-27T20:59:00","slug":"safran-en-provence-medaille-dargent-2019","status":"publish","type":"post","link":"https:\/\/www.terratair.com\/Blog\/Blog\/2019\/04\/safran-en-provence-medaille-dargent-2019\/","title":{"rendered":"Safran en Provence m\u00e9daille d&rsquo;argent 2019"},"content":{"rendered":"\n<figure class=\"wp-block-image is-resized\"><img loading=\"lazy\" decoding=\"async\" src=\"http:\/\/www.terratair.com\/Blog\/wp-content\/uploads\/2019\/03\/Medaille-Argent-2019-RVB-1.png\" alt=\"\" class=\"wp-image-904\" width=\"145\" height=\"145\" srcset=\"https:\/\/www.terratair.com\/Blog\/wp-content\/uploads\/2019\/03\/Medaille-Argent-2019-RVB-1.png 784w, https:\/\/www.terratair.com\/Blog\/wp-content\/uploads\/2019\/03\/Medaille-Argent-2019-RVB-1-150x150.png 150w, https:\/\/www.terratair.com\/Blog\/wp-content\/uploads\/2019\/03\/Medaille-Argent-2019-RVB-1-300x300.png 300w, https:\/\/www.terratair.com\/Blog\/wp-content\/uploads\/2019\/03\/Medaille-Argent-2019-RVB-1-768x768.png 768w\" sizes=\"auto, (max-width: 145px) 100vw, 145px\" \/><\/figure>\n\n\n\n<div class=\"wp-block-button\"><a class=\"wp-block-button__link\" href=\"https:\/\/www.concours-general-agricole.fr\/les-palmares\/les-produits\/\">Suivez le lien<\/a><\/div>\n\n\n\n<p>Avec cette r\u00e9compense, notre safran fait d\u00e9sormais parti des meilleurs produits du terroir de Provence. <\/p>\n\n\n\n<p>Proposer des produits de qualit\u00e9 est au c\u0153ur de nos pr\u00e9occupations et nous nous effor\u00e7ons , au quotidien, de travailler pour la consommation locale et le d\u00e9veloppement de l&rsquo;alimentation durable dans notre d\u00e9partement.<\/p>\n\n\n\n<p>Nous remercions tous les acteurs et tous nos clients qui nous soutiennent dans notre engagement.<\/p>\n","protected":false},"excerpt":{"rendered":"<p>Safran en Provence<br \/>\nM\u00e9daille d&rsquo;argent 2019 <a class=\"continue-reading-link\" href=\"https:\/\/www.terratair.com\/Blog\/Blog\/2019\/04\/safran-en-provence-medaille-dargent-2019\/\">en savoir +<\/a><\/p>\n","protected":false},"author":3,"featured_media":904,"comment_status":"open","ping_status":"open","sticky":false,"template":"","format":"standard","meta":{"om_disable_all_campaigns":false,"sfsi_plus_gutenberg_text_before_share":"","sfsi_plus_gutenberg_show_text_before_share":"","sfsi_plus_gutenberg_icon_type":"","sfsi_plus_gutenberg_icon_alignemt":"","sfsi_plus_gutenburg_max_per_row":"","_exactmetrics_skip_tracking":false,"_exactmetrics_sitenote_active":false,"_exactmetrics_sitenote_note":"","_exactmetrics_sitenote_category":0,"_uf_show_specific_survey":0,"_uf_disable_surveys":false,"footnotes":""},"categories":[6,5,10],"tags":[],"class_list":["post-936","post","type-post","status-publish","format-standard","has-post-thumbnail","hentry","category-evenements","category-produits","category-safran-gastronomie"],"aioseo_notices":[],"_links":{"self":[{"href":"https:\/\/www.terratair.com\/Blog\/wp-json\/wp\/v2\/posts\/936","targetHints":{"allow":["GET"]}}],"collection":[{"href":"https:\/\/www.terratair.com\/Blog\/wp-json\/wp\/v2\/posts"}],"about":[{"href":"https:\/\/www.terratair.com\/Blog\/wp-json\/wp\/v2\/types\/post"}],"author":[{"embeddable":true,"href":"https:\/\/www.terratair.com\/Blog\/wp-json\/wp\/v2\/users\/3"}],"replies":[{"embeddable":true,"href":"https:\/\/www.terratair.com\/Blog\/wp-json\/wp\/v2\/comments?post=936"}],"version-history":[{"count":4,"href":"https:\/\/www.terratair.com\/Blog\/wp-json\/wp\/v2\/posts\/936\/revisions"}],"predecessor-version":[{"id":1036,"href":"https:\/\/www.terratair.com\/Blog\/wp-json\/wp\/v2\/posts\/936\/revisions\/1036"}],"wp:featuredmedia":[{"embeddable":true,"href":"https:\/\/www.terratair.com\/Blog\/wp-json\/wp\/v2\/media\/904"}],"wp:attachment":[{"href":"https:\/\/www.terratair.com\/Blog\/wp-json\/wp\/v2\/media?parent=936"}],"wp:term":[{"taxonomy":"category","embeddable":true,"href":"https:\/\/www.terratair.com\/Blog\/wp-json\/wp\/v2\/categories?post=936"},{"taxonomy":"post_tag","embeddable":true,"href":"https:\/\/www.terratair.com\/Blog\/wp-json\/wp\/v2\/tags?post=936"}],"curies":[{"name":"wp","href":"https:\/\/api.w.org\/{rel}","templated":true}]}}