{"id":913,"date":"2019-03-26T17:50:18","date_gmt":"2019-03-26T16:50:18","guid":{"rendered":"http:\/\/www.terratair.com\/Blog\/?p=913"},"modified":"2019-11-28T12:15:03","modified_gmt":"2019-11-28T11:15:03","slug":"mpg-2019-lannee-de-la-gastronomie-en-provence","status":"publish","type":"post","link":"https:\/\/www.terratair.com\/Blog\/Blog\/2019\/03\/mpg-2019-lannee-de-la-gastronomie-en-provence\/","title":{"rendered":"MPG-2019 L&rsquo;ann\u00e9e de la Gastronomie en Provence"},"content":{"rendered":"\n<p>MPG2019 est un \u00e9v\u00e9nement f\u00e9d\u00e9rateur &amp; populaire qui permet de valoriser les savoir-faire, les talents et les productions de notre r\u00e9gion.<br>C\u2019est aussi pr\u00e8s de&nbsp;<strong>1&nbsp;000 \u00e9v\u00e9nements<\/strong>&nbsp;qui sont organis\u00e9s pour faire de la Provence la capitale de la gastronomie. <\/p>\n\n\n\n<p> Toute la programmation \u00e9v\u00e9nementielle en libre acc\u00e8s  <\/p>\n<iframe loading=\"lazy\" src=\"http:\/\/agenda.mpg2019.com\" width=\"375\" height=\"390\" frameborder=\"0\" border=\"0\"><\/iframe>\n","protected":false},"excerpt":{"rendered":"<p>MPG2019 est un \u00e9v\u00e9nement f\u00e9d\u00e9rateur &amp; populaire qui permet de valoriser les savoir-faire, les talents et les productions de notre r\u00e9gion.C\u2019est aussi pr\u00e8s de&nbsp;1&nbsp;000 \u00e9v\u00e9nements&nbsp;qui sont organis\u00e9s pour faire de la Provence la capitale de la gastronomie. Toute la programmation \u00e9v\u00e9nementielle en libre acc\u00e8s <a class=\"continue-reading-link\" href=\"https:\/\/www.terratair.com\/Blog\/Blog\/2019\/03\/mpg-2019-lannee-de-la-gastronomie-en-provence\/\">en savoir +<\/a><\/p>\n","protected":false},"author":3,"featured_media":916,"comment_status":"open","ping_status":"open","sticky":false,"template":"","format":"standard","meta":{"om_disable_all_campaigns":false,"sfsi_plus_gutenberg_text_before_share":"","sfsi_plus_gutenberg_show_text_before_share":"","sfsi_plus_gutenberg_icon_type":"","sfsi_plus_gutenberg_icon_alignemt":"","sfsi_plus_gutenburg_max_per_row":"","_exactmetrics_skip_tracking":false,"_exactmetrics_sitenote_active":false,"_exactmetrics_sitenote_note":"","_exactmetrics_sitenote_category":0,"_uf_show_specific_survey":0,"_uf_disable_surveys":false,"footnotes":""},"categories":[6,10],"tags":[15],"class_list":["post-913","post","type-post","status-publish","format-standard","has-post-thumbnail","hentry","category-evenements","category-safran-gastronomie","tag-mpg2019"],"aioseo_notices":[],"_links":{"self":[{"href":"https:\/\/www.terratair.com\/Blog\/wp-json\/wp\/v2\/posts\/913","targetHints":{"allow":["GET"]}}],"collection":[{"href":"https:\/\/www.terratair.com\/Blog\/wp-json\/wp\/v2\/posts"}],"about":[{"href":"https:\/\/www.terratair.com\/Blog\/wp-json\/wp\/v2\/types\/post"}],"author":[{"embeddable":true,"href":"https:\/\/www.terratair.com\/Blog\/wp-json\/wp\/v2\/users\/3"}],"replies":[{"embeddable":true,"href":"https:\/\/www.terratair.com\/Blog\/wp-json\/wp\/v2\/comments?post=913"}],"version-history":[{"count":3,"href":"https:\/\/www.terratair.com\/Blog\/wp-json\/wp\/v2\/posts\/913\/revisions"}],"predecessor-version":[{"id":917,"href":"https:\/\/www.terratair.com\/Blog\/wp-json\/wp\/v2\/posts\/913\/revisions\/917"}],"wp:featuredmedia":[{"embeddable":true,"href":"https:\/\/www.terratair.com\/Blog\/wp-json\/wp\/v2\/media\/916"}],"wp:attachment":[{"href":"https:\/\/www.terratair.com\/Blog\/wp-json\/wp\/v2\/media?parent=913"}],"wp:term":[{"taxonomy":"category","embeddable":true,"href":"https:\/\/www.terratair.com\/Blog\/wp-json\/wp\/v2\/categories?post=913"},{"taxonomy":"post_tag","embeddable":true,"href":"https:\/\/www.terratair.com\/Blog\/wp-json\/wp\/v2\/tags?post=913"}],"curies":[{"name":"wp","href":"https:\/\/api.w.org\/{rel}","templated":true}]}}