{"id":912,"date":"2019-03-29T13:58:22","date_gmt":"2019-03-29T12:58:22","guid":{"rendered":"http:\/\/www.terratair.com\/Blog\/?p=912"},"modified":"2019-11-28T12:14:43","modified_gmt":"2019-11-28T11:14:43","slug":"mille-createurs-de-gouts-mucem-marseille","status":"publish","type":"post","link":"https:\/\/www.terratair.com\/Blog\/Blog\/2019\/03\/mille-createurs-de-gouts-mucem-marseille\/","title":{"rendered":"Mille Cr\u00e9ateurs de go\u00fbts MUCEM MARSEILLE"},"content":{"rendered":"<p>Lancement de l&rsquo;ann\u00e9e de la Gastronomie dans les Bouches du Rh\u00f4ne de belle mani\u00e8re. Les producteurs proven\u00e7aux sont \u00e0 l&rsquo;honneur.<\/p>\n<p><a href=\"https:\/\/www.youtube.com\/watch?v=OG8d2vxZza0&amp;feature=youtu.be\">le mur des portraits<\/a><\/p>\n<p>Et ce n&rsquo;est qu&rsquo;un d\u00e9but !<br \/>\nNous vous tiendrons inform\u00e9 tout au long de l&rsquo;ann\u00e9e &#8230;<\/p>\n","protected":false},"excerpt":{"rendered":"<p>Lancement de l&rsquo;ann\u00e9e de la Gastronomie dans les Bouches du Rh\u00f4ne de belle mani\u00e8re. Les producteurs proven\u00e7aux sont \u00e0 l&rsquo;honneur. le mur des portraits Et ce n&rsquo;est qu&rsquo;un d\u00e9but ! Nous vous tiendrons inform\u00e9 tout au long de l&rsquo;ann\u00e9e &#8230; <a class=\"continue-reading-link\" href=\"https:\/\/www.terratair.com\/Blog\/Blog\/2019\/03\/mille-createurs-de-gouts-mucem-marseille\/\">en savoir +<\/a><\/p>\n","protected":false},"author":3,"featured_media":0,"comment_status":"open","ping_status":"open","sticky":false,"template":"","format":"link","meta":{"om_disable_all_campaigns":false,"sfsi_plus_gutenberg_text_before_share":"","sfsi_plus_gutenberg_show_text_before_share":"","sfsi_plus_gutenberg_icon_type":"","sfsi_plus_gutenberg_icon_alignemt":"","sfsi_plus_gutenburg_max_per_row":"","_exactmetrics_skip_tracking":false,"_exactmetrics_sitenote_active":false,"_exactmetrics_sitenote_note":"","_exactmetrics_sitenote_category":0,"_uf_show_specific_survey":0,"_uf_disable_surveys":false,"footnotes":""},"categories":[6,10],"tags":[15],"class_list":["post-912","post","type-post","status-publish","format-link","hentry","category-evenements","category-safran-gastronomie","tag-mpg2019","post_format-post-format-link"],"aioseo_notices":[],"_links":{"self":[{"href":"https:\/\/www.terratair.com\/Blog\/wp-json\/wp\/v2\/posts\/912","targetHints":{"allow":["GET"]}}],"collection":[{"href":"https:\/\/www.terratair.com\/Blog\/wp-json\/wp\/v2\/posts"}],"about":[{"href":"https:\/\/www.terratair.com\/Blog\/wp-json\/wp\/v2\/types\/post"}],"author":[{"embeddable":true,"href":"https:\/\/www.terratair.com\/Blog\/wp-json\/wp\/v2\/users\/3"}],"replies":[{"embeddable":true,"href":"https:\/\/www.terratair.com\/Blog\/wp-json\/wp\/v2\/comments?post=912"}],"version-history":[{"count":2,"href":"https:\/\/www.terratair.com\/Blog\/wp-json\/wp\/v2\/posts\/912\/revisions"}],"predecessor-version":[{"id":920,"href":"https:\/\/www.terratair.com\/Blog\/wp-json\/wp\/v2\/posts\/912\/revisions\/920"}],"wp:attachment":[{"href":"https:\/\/www.terratair.com\/Blog\/wp-json\/wp\/v2\/media?parent=912"}],"wp:term":[{"taxonomy":"category","embeddable":true,"href":"https:\/\/www.terratair.com\/Blog\/wp-json\/wp\/v2\/categories?post=912"},{"taxonomy":"post_tag","embeddable":true,"href":"https:\/\/www.terratair.com\/Blog\/wp-json\/wp\/v2\/tags?post=912"}],"curies":[{"name":"wp","href":"https:\/\/api.w.org\/{rel}","templated":true}]}}