{"id":1152,"date":"2021-06-26T14:30:00","date_gmt":"2021-06-26T12:30:00","guid":{"rendered":"https:\/\/www.terratair.com\/Blog\/?p=1152"},"modified":"2023-10-24T18:15:45","modified_gmt":"2023-10-24T16:15:45","slug":"breaking-news-le-safran-de-terra-tair-chez-helene-darroze","status":"publish","type":"post","link":"https:\/\/www.terratair.com\/Blog\/Blog\/2021\/06\/breaking-news-le-safran-de-terra-tair-chez-helene-darroze\/","title":{"rendered":"Breaking news : le Safran de Terra T&rsquo;Air chez H\u00e9l\u00e8ne Darroze"},"content":{"rendered":"\n<p>Le Safran de Terra T&rsquo;Air dans les recettes du restaurant gastronomique de H\u00e9l\u00e8ne Darroze \u00e0 La Villa La Coste !<\/p>\n\n\n\n<figure class=\"wp-block-image size-large\"><img loading=\"lazy\" decoding=\"async\" width=\"272\" height=\"280\" src=\"https:\/\/www.terratair.com\/Blog\/wp-content\/uploads\/2021\/10\/safe_image.jpg\" alt=\"\" class=\"wp-image-1153\" srcset=\"https:\/\/www.terratair.com\/Blog\/wp-content\/uploads\/2021\/10\/safe_image.jpg 272w, https:\/\/www.terratair.com\/Blog\/wp-content\/uploads\/2021\/10\/safe_image-146x150.jpg 146w\" sizes=\"auto, (max-width: 272px) 100vw, 272px\" \/><\/figure>\n","protected":false},"excerpt":{"rendered":"<p>Le Safran de Terra T&rsquo;Air dans les recettes du restaurant gastronomique de H\u00e9l\u00e8ne Darroze \u00e0 La Villa La Coste ! <a class=\"continue-reading-link\" href=\"https:\/\/www.terratair.com\/Blog\/Blog\/2021\/06\/breaking-news-le-safran-de-terra-tair-chez-helene-darroze\/\">en savoir +<\/a><\/p>\n","protected":false},"author":3,"featured_media":0,"comment_status":"open","ping_status":"open","sticky":false,"template":"","format":"standard","meta":{"om_disable_all_campaigns":false,"sfsi_plus_gutenberg_text_before_share":"","sfsi_plus_gutenberg_show_text_before_share":"","sfsi_plus_gutenberg_icon_type":"","sfsi_plus_gutenberg_icon_alignemt":"","sfsi_plus_gutenburg_max_per_row":"","_exactmetrics_skip_tracking":false,"_exactmetrics_sitenote_active":false,"_exactmetrics_sitenote_note":"","_exactmetrics_sitenote_category":0,"_uf_show_specific_survey":0,"_uf_disable_surveys":false,"footnotes":""},"categories":[6,10],"tags":[],"class_list":["post-1152","post","type-post","status-publish","format-standard","hentry","category-evenements","category-safran-gastronomie"],"aioseo_notices":[],"_links":{"self":[{"href":"https:\/\/www.terratair.com\/Blog\/wp-json\/wp\/v2\/posts\/1152","targetHints":{"allow":["GET"]}}],"collection":[{"href":"https:\/\/www.terratair.com\/Blog\/wp-json\/wp\/v2\/posts"}],"about":[{"href":"https:\/\/www.terratair.com\/Blog\/wp-json\/wp\/v2\/types\/post"}],"author":[{"embeddable":true,"href":"https:\/\/www.terratair.com\/Blog\/wp-json\/wp\/v2\/users\/3"}],"replies":[{"embeddable":true,"href":"https:\/\/www.terratair.com\/Blog\/wp-json\/wp\/v2\/comments?post=1152"}],"version-history":[{"count":1,"href":"https:\/\/www.terratair.com\/Blog\/wp-json\/wp\/v2\/posts\/1152\/revisions"}],"predecessor-version":[{"id":1154,"href":"https:\/\/www.terratair.com\/Blog\/wp-json\/wp\/v2\/posts\/1152\/revisions\/1154"}],"wp:attachment":[{"href":"https:\/\/www.terratair.com\/Blog\/wp-json\/wp\/v2\/media?parent=1152"}],"wp:term":[{"taxonomy":"category","embeddable":true,"href":"https:\/\/www.terratair.com\/Blog\/wp-json\/wp\/v2\/categories?post=1152"},{"taxonomy":"post_tag","embeddable":true,"href":"https:\/\/www.terratair.com\/Blog\/wp-json\/wp\/v2\/tags?post=1152"}],"curies":[{"name":"wp","href":"https:\/\/api.w.org\/{rel}","templated":true}]}}