{"id":1086,"date":"2020-11-27T19:48:11","date_gmt":"2020-11-27T18:48:11","guid":{"rendered":"https:\/\/www.terratair.com\/Blog\/?p=1086"},"modified":"2020-11-27T21:58:04","modified_gmt":"2020-11-27T20:58:04","slug":"preparons-les-rejouissances","status":"publish","type":"post","link":"https:\/\/www.terratair.com\/Blog\/Blog\/2020\/11\/preparons-les-rejouissances\/","title":{"rendered":"Pr\u00e9parons les R\u00e9jouissances"},"content":{"rendered":"\n<div class=\"wp-block-cover has-background-dim\" style=\"background-image:url(https:\/\/www.terratair.com\/Blog\/wp-content\/uploads\/2020\/11\/white-and-silver-christmas-ball-ornament-scaled.jpg)\"><div class=\"wp-block-cover__inner-container is-layout-flow wp-block-cover-is-layout-flow\">\n<h1 class=\"has-text-align-center wp-block-heading\">Et si on passait \u00e0 2021 &#8230;<\/h1>\n<\/div><\/div>\n\n\n\n<h2 class=\"wp-block-heading\"><span class=\"has-inline-color has-luminous-vivid-orange-color\"><em>Les f\u00eates approchent et apr\u00e8s cette p\u00e9riode difficile, nous aurons tous \u00e0 c\u0153ur de mettre les petits plats dans les grands pour que ces retrouvailles soient les plus heureuses possible<\/em><\/span><\/h2>\n\n\n\n<h2 class=\"wp-block-heading\"><span class=\"has-inline-color has-luminous-vivid-amber-color\"><em>Pour bien pr\u00e9parer ces moments, Terra T&rsquo;Air Safran de Provence vous propose de vous inspirer des recettes pr\u00e9sent\u00e9es sur notre site et de commander d\u00e8s \u00e0 pr\u00e9sent votre safran.<\/em><\/span><\/h2>\n\n\n\n<h2 class=\"wp-block-heading\"><span class=\"has-inline-color has-luminous-vivid-orange-color\"><em>Donner une note vraiment chaleureuse \u00e0 vos repas !<\/em><\/span><\/h2>\n\n\n\n<h2 class=\"wp-block-heading\"><span class=\"has-inline-color has-luminous-vivid-orange-color\"><em>Connecter-vous sur <\/em><a rel=\"noreferrer noopener\" href=\"http:\/\/www.terratair.com\" data-type=\"URL\" data-id=\"http:\/\/www.terratair.com\" target=\"_blank\">http:\/\/www.terratair.com<\/a><em> pour consulter ces id\u00e9es de recettes<\/em><\/span><\/h2>\n\n\n\n<h2 class=\"wp-block-heading\"><span class=\"has-inline-color has-luminous-vivid-amber-color\"><em>Passer sur notre <a href=\"https:\/\/www.terratair.com\/terrashop\/\" data-type=\"URL\" data-id=\"https:\/\/www.terratair.com\/terrashop\/\" target=\"_blank\" rel=\"noreferrer noopener\">boutique en ligne<\/a> pour commander votre safran et les produits associ\u00e9s. <\/em><\/span><\/h2>\n\n\n\n<h2 class=\"wp-block-heading\"><span class=\"has-inline-color has-luminous-vivid-amber-color\"><em>Des Sachets Cadeaux pr\u00eats \u00e0 offrir sont disponibles <\/em><\/span><\/h2>\n\n\n\n<h2 class=\"wp-block-heading\"><span class=\"has-inline-color has-luminous-vivid-orange-color\"><em>A cette occasion <a rel=\"noreferrer noopener\" href=\"https:\/\/www.terratair.com\/terrashop\/\" data-type=\"URL\" data-id=\"https:\/\/www.terratair.com\/terrashop\/\" target=\"_blank\">Terra T&rsquo;Air Safran de Provence<\/a> vous offre <\/em>10%<em> sur votre premi\u00e8re commande, ainsi que les frais de port gratuit \u00e0 partir de 75\u20ac<\/em><\/span><\/h2>\n\n\n\n<div class=\"wp-block-cover has-background-dim\" style=\"background-image:url(https:\/\/www.terratair.com\/Blog\/wp-content\/uploads\/2020\/11\/christmas-lights-300x200.jpg)\"><div class=\"wp-block-cover__inner-container is-layout-flow wp-block-cover-is-layout-flow\">\n<h1 class=\"has-text-align-center wp-block-heading\">2021, le Safran en plus<\/h1>\n<\/div><\/div>\n","protected":false},"excerpt":{"rendered":"<p>Passer sur notre boutique en ligne pour commander votre safran et les produits associ\u00e9s.  <a class=\"continue-reading-link\" href=\"https:\/\/www.terratair.com\/Blog\/Blog\/2020\/11\/preparons-les-rejouissances\/\">en savoir +<\/a><\/p>\n","protected":false},"author":3,"featured_media":772,"comment_status":"open","ping_status":"open","sticky":false,"template":"","format":"standard","meta":{"om_disable_all_campaigns":false,"sfsi_plus_gutenberg_text_before_share":"","sfsi_plus_gutenberg_show_text_before_share":"","sfsi_plus_gutenberg_icon_type":"","sfsi_plus_gutenberg_icon_alignemt":"","sfsi_plus_gutenburg_max_per_row":"","_exactmetrics_skip_tracking":false,"_exactmetrics_sitenote_active":false,"_exactmetrics_sitenote_note":"","_exactmetrics_sitenote_category":0,"_uf_show_specific_survey":0,"_uf_disable_surveys":false,"footnotes":""},"categories":[6,10],"tags":[],"class_list":["post-1086","post","type-post","status-publish","format-standard","has-post-thumbnail","hentry","category-evenements","category-safran-gastronomie"],"aioseo_notices":[],"_links":{"self":[{"href":"https:\/\/www.terratair.com\/Blog\/wp-json\/wp\/v2\/posts\/1086","targetHints":{"allow":["GET"]}}],"collection":[{"href":"https:\/\/www.terratair.com\/Blog\/wp-json\/wp\/v2\/posts"}],"about":[{"href":"https:\/\/www.terratair.com\/Blog\/wp-json\/wp\/v2\/types\/post"}],"author":[{"embeddable":true,"href":"https:\/\/www.terratair.com\/Blog\/wp-json\/wp\/v2\/users\/3"}],"replies":[{"embeddable":true,"href":"https:\/\/www.terratair.com\/Blog\/wp-json\/wp\/v2\/comments?post=1086"}],"version-history":[{"count":16,"href":"https:\/\/www.terratair.com\/Blog\/wp-json\/wp\/v2\/posts\/1086\/revisions"}],"predecessor-version":[{"id":1104,"href":"https:\/\/www.terratair.com\/Blog\/wp-json\/wp\/v2\/posts\/1086\/revisions\/1104"}],"wp:featuredmedia":[{"embeddable":true,"href":"https:\/\/www.terratair.com\/Blog\/wp-json\/wp\/v2\/media\/772"}],"wp:attachment":[{"href":"https:\/\/www.terratair.com\/Blog\/wp-json\/wp\/v2\/media?parent=1086"}],"wp:term":[{"taxonomy":"category","embeddable":true,"href":"https:\/\/www.terratair.com\/Blog\/wp-json\/wp\/v2\/categories?post=1086"},{"taxonomy":"post_tag","embeddable":true,"href":"https:\/\/www.terratair.com\/Blog\/wp-json\/wp\/v2\/tags?post=1086"}],"curies":[{"name":"wp","href":"https:\/\/api.w.org\/{rel}","templated":true}]}}