{"id":1015,"date":"2019-11-06T20:03:56","date_gmt":"2019-11-06T19:03:56","guid":{"rendered":"http:\/\/www.terratair.com\/Blog\/?p=1015"},"modified":"2019-11-06T22:19:11","modified_gmt":"2019-11-06T21:19:11","slug":"le-safran-de-provence-coquin-de-sort","status":"publish","type":"post","link":"https:\/\/www.terratair.com\/Blog\/Blog\/2019\/11\/le-safran-de-provence-coquin-de-sort\/","title":{"rendered":"Le Safran DE PROVENCE, coquin de sort !"},"content":{"rendered":"\n<figure class=\"wp-block-image\"><img loading=\"lazy\" decoding=\"async\" width=\"1024\" height=\"768\" src=\"http:\/\/www.terratair.com\/Blog\/wp-content\/uploads\/2019\/11\/20191106_110046-1024x768.jpg\" alt=\"\" class=\"wp-image-1014\" srcset=\"https:\/\/www.terratair.com\/Blog\/wp-content\/uploads\/2019\/11\/20191106_110046-1024x768.jpg 1024w, https:\/\/www.terratair.com\/Blog\/wp-content\/uploads\/2019\/11\/20191106_110046-300x225.jpg 300w, https:\/\/www.terratair.com\/Blog\/wp-content\/uploads\/2019\/11\/20191106_110046-768x576.jpg 768w, https:\/\/www.terratair.com\/Blog\/wp-content\/uploads\/2019\/11\/20191106_110046-200x150.jpg 200w, https:\/\/www.terratair.com\/Blog\/wp-content\/uploads\/2019\/11\/20191106_110046-150x113.jpg 150w\" sizes=\"auto, (max-width: 1024px) 100vw, 1024px\" \/><\/figure>\n\n\n\n<p> Le Safran de Provence, l&rsquo;authentique ! Les proven\u00e7aux connaissent bien le safran, ils l&rsquo;utilisent au quotidien dans leur cuisine depuis longtemps ! <\/p>\n\n\n\n<p>Exigez le plus parfum\u00e9 des safrans, Exigez le v\u00e9ritable Safran de Provence cultiv\u00e9 par les producteurs respectant la charte de qualit\u00e9 de l&rsquo;association SAFRAN PROVENCE <\/p>\n","protected":false},"excerpt":{"rendered":"<p>Le Safran de Provence, l&rsquo;authentique ! Les proven\u00e7aux connaissent bien le safran, ils l&rsquo;utilisent au quotidien dans leur cuisine depuis longtemps ! Exigez le plus parfum\u00e9 des safrans, Exigez le v\u00e9ritable Safran de Provence cultiv\u00e9 par les producteurs respectant la charte de qualit\u00e9 de l&rsquo;association SAFRAN PROVENCE <a class=\"continue-reading-link\" href=\"https:\/\/www.terratair.com\/Blog\/Blog\/2019\/11\/le-safran-de-provence-coquin-de-sort\/\">en savoir +<\/a><\/p>\n","protected":false},"author":3,"featured_media":1014,"comment_status":"open","ping_status":"open","sticky":false,"template":"","format":"standard","meta":{"om_disable_all_campaigns":false,"sfsi_plus_gutenberg_text_before_share":"","sfsi_plus_gutenberg_show_text_before_share":"","sfsi_plus_gutenberg_icon_type":"","sfsi_plus_gutenberg_icon_alignemt":"","sfsi_plus_gutenburg_max_per_row":"","_exactmetrics_skip_tracking":false,"_exactmetrics_sitenote_active":false,"_exactmetrics_sitenote_note":"","_exactmetrics_sitenote_category":0,"_uf_show_specific_survey":0,"_uf_disable_surveys":false,"footnotes":""},"categories":[6,5,10],"tags":[],"class_list":["post-1015","post","type-post","status-publish","format-standard","has-post-thumbnail","hentry","category-evenements","category-produits","category-safran-gastronomie"],"aioseo_notices":[],"_links":{"self":[{"href":"https:\/\/www.terratair.com\/Blog\/wp-json\/wp\/v2\/posts\/1015","targetHints":{"allow":["GET"]}}],"collection":[{"href":"https:\/\/www.terratair.com\/Blog\/wp-json\/wp\/v2\/posts"}],"about":[{"href":"https:\/\/www.terratair.com\/Blog\/wp-json\/wp\/v2\/types\/post"}],"author":[{"embeddable":true,"href":"https:\/\/www.terratair.com\/Blog\/wp-json\/wp\/v2\/users\/3"}],"replies":[{"embeddable":true,"href":"https:\/\/www.terratair.com\/Blog\/wp-json\/wp\/v2\/comments?post=1015"}],"version-history":[{"count":1,"href":"https:\/\/www.terratair.com\/Blog\/wp-json\/wp\/v2\/posts\/1015\/revisions"}],"predecessor-version":[{"id":1016,"href":"https:\/\/www.terratair.com\/Blog\/wp-json\/wp\/v2\/posts\/1015\/revisions\/1016"}],"wp:featuredmedia":[{"embeddable":true,"href":"https:\/\/www.terratair.com\/Blog\/wp-json\/wp\/v2\/media\/1014"}],"wp:attachment":[{"href":"https:\/\/www.terratair.com\/Blog\/wp-json\/wp\/v2\/media?parent=1015"}],"wp:term":[{"taxonomy":"category","embeddable":true,"href":"https:\/\/www.terratair.com\/Blog\/wp-json\/wp\/v2\/categories?post=1015"},{"taxonomy":"post_tag","embeddable":true,"href":"https:\/\/www.terratair.com\/Blog\/wp-json\/wp\/v2\/tags?post=1015"}],"curies":[{"name":"wp","href":"https:\/\/api.w.org\/{rel}","templated":true}]}}